{"id":903,"date":"2022-02-20T20:18:36","date_gmt":"2022-02-20T19:18:36","guid":{"rendered":"http:\/\/ad-aclille.fr\/?p=903"},"modified":"2024-10-25T16:31:20","modified_gmt":"2024-10-25T14:31:20","slug":"belle-victoire-d-action-et-democratie-au-conseil-detat-contre-le-ministere-de-leducation-nationale","status":"publish","type":"post","link":"https:\/\/ad-aclille.fr\/index.php\/2022\/02\/20\/belle-victoire-d-action-et-democratie-au-conseil-detat-contre-le-ministere-de-leducation-nationale\/","title":{"rendered":"Belle victoire d&rsquo; Action et D\u00e9mocratie au Conseil d&rsquo;Etat contre le Minist\u00e8re de l&rsquo;Education Nationale"},"content":{"rendered":"<p><strong>Sacr\u00e9e Victoire<\/strong> : le\u00a0 Conseil d&rsquo;Etat a donn\u00e9 raison \u00e0 <strong>Action et D\u00e9mocratie CFE-CGC<\/strong> le 10 F\u00e9vrier 2022 en faisant supprimer de la circulaire fixant les lignes directrices de gestion de mobilit\u00e9 des personnels publi\u00e9e au BO du 28 octobre 2021 le mot \u00a0\u00bb repr\u00e9sentatif\u00a0\u00bb.\u00a0 <a href=\"https:\/\/ad-aclille.fr\/wp-content\/uploads\/2022\/02\/Communique-AD-Victoire-V1-_2_.pdf\" target=\"_blank\" rel=\"noopener\">Article ici<\/a><\/p>\n","protected":false},"excerpt":{"rendered":"<p>Sacr\u00e9e Victoire : le\u00a0 Conseil d&rsquo;Etat a donn\u00e9 raison \u00e0 Action et D\u00e9mocratie CFE-CGC le 10 F\u00e9vrier 2022 en faisant<\/p>\n","protected":false},"author":3,"featured_media":0,"comment_status":"closed","ping_status":"open","sticky":false,"template":"","format":"standard","meta":{"footnotes":""},"categories":[7],"tags":[],"class_list":["post-903","post","type-post","status-publish","format-standard","hentry","category-information","comments-off"],"_links":{"self":[{"href":"https:\/\/ad-aclille.fr\/index.php\/wp-json\/wp\/v2\/posts\/903","targetHints":{"allow":["GET"]}}],"collection":[{"href":"https:\/\/ad-aclille.fr\/index.php\/wp-json\/wp\/v2\/posts"}],"about":[{"href":"https:\/\/ad-aclille.fr\/index.php\/wp-json\/wp\/v2\/types\/post"}],"author":[{"embeddable":true,"href":"https:\/\/ad-aclille.fr\/index.php\/wp-json\/wp\/v2\/users\/3"}],"replies":[{"embeddable":true,"href":"https:\/\/ad-aclille.fr\/index.php\/wp-json\/wp\/v2\/comments?post=903"}],"version-history":[{"count":3,"href":"https:\/\/ad-aclille.fr\/index.php\/wp-json\/wp\/v2\/posts\/903\/revisions"}],"predecessor-version":[{"id":919,"href":"https:\/\/ad-aclille.fr\/index.php\/wp-json\/wp\/v2\/posts\/903\/revisions\/919"}],"wp:attachment":[{"href":"https:\/\/ad-aclille.fr\/index.php\/wp-json\/wp\/v2\/media?parent=903"}],"wp:term":[{"taxonomy":"category","embeddable":true,"href":"https:\/\/ad-aclille.fr\/index.php\/wp-json\/wp\/v2\/categories?post=903"},{"taxonomy":"post_tag","embeddable":true,"href":"https:\/\/ad-aclille.fr\/index.php\/wp-json\/wp\/v2\/tags?post=903"}],"curies":[{"name":"wp","href":"https:\/\/api.w.org\/{rel}","templated":true}]}}